{"id":10057,"date":"2021-09-27T12:10:00","date_gmt":"2021-09-27T10:10:00","guid":{"rendered":"https:\/\/deltabirdingfestival.com\/agbar-un-any-mes-amb-el-dbf\/"},"modified":"2021-10-26T01:58:32","modified_gmt":"2021-10-25T23:58:32","slug":"agbar-un-ano-mas-con-el-dbf","status":"publish","type":"post","link":"https:\/\/deltabirdingfestival.com\/es\/agbar-un-ano-mas-con-el-dbf\/","title":{"rendered":"Agbar, un a\u00f1o m\u00e1s con el Dbf"},"content":{"rendered":"\n<p>En el contexto del Delta del Ebro,&nbsp;<span class=\"has-inline-color has-brand-secondary-color\"> <\/span><a rel=\"noreferrer noopener\" href=\"https:\/\/www.agbar.es\/ca\" target=\"_blank\"><strong><span class=\"has-inline-color has-brand-secondary-color\">AGBAR<\/span><\/strong><\/a><span class=\"has-inline-color has-brand-secondary-color\"> <\/span>es una empresa particularmente bien implantada, ya que gestiona, a trav\u00e9s de Aquambiente, los humedales de depuraci\u00f3n de la Illa de Mar y del Goler\u00f3, dos espacios que en los \u00faltimos a\u00f1os se han convertido en puntos importantes de peregrinaci\u00f3n para todos los aficionados a la observaci\u00f3n de aves.<\/p>\n\n\n\n<p><a rel=\"noreferrer noopener\" href=\"https:\/\/www.agbar.es\/ca\" target=\"_blank\"><strong><span class=\"has-inline-color has-brand-secondary-color\">AGBAR<\/span><\/strong><\/a>, un a\u00f1o m\u00e1s ha colaborado en el festival apoyando las actividades para todos los p\u00fablicos que se han llevado a cabo en los dos espacios mencionados anteriormente. Estas actividades han sido &#8216;<a href=\"https:\/\/deltabirdingfestival.com\/es\/los-sonidos-escondidos-del-delta\/\" data-type=\"post\" data-id=\"5178\" target=\"_blank\" rel=\"noreferrer noopener\">Los sonidos escondidos del Delta<\/a>&#8216; a cargo de&nbsp;<span class=\"has-inline-color has-brand-primary-color\"><a rel=\"noreferrer noopener\" href=\"https:\/\/www.eloisamatheu.com\/ca\/sobre-la-web\" target=\"_blank\">Elo\u00efsa Matheu<\/a><\/span> y dos salidas guiadas por <span class=\"has-inline-color has-brand-primary-color\">Carles<\/span> <span class=\"has-inline-color has-brand-primary-color\">Carboneres<\/span> y <span class=\"has-inline-color has-brand-primary-color\">Manolo S\u00e0nchez<\/span> incluidas en los  \u2018<a href=\"https:\/\/deltabirdingfestival.com\/es\/actividades\/delta-hot-spots\/\" data-type=\"activity\" data-id=\"3681\" target=\"_blank\" rel=\"noreferrer noopener\">Delta Hotspots<\/a>\u2019.&nbsp;<\/p>\n\n\n\n<p>Adem\u00e1s, en esta edici\u00f3n,&nbsp;<a rel=\"noreferrer noopener\" href=\"https:\/\/www.agbar.es\/ca\" target=\"_blank\"><strong><span class=\"has-inline-color has-brand-secondary-color\">AGBAR<\/span><\/strong><\/a> ha patrocinado la carpa donde se ha exhibido la exposici\u00f3n fotogr\u00e1fica &#8216;<a href=\"https:\/\/deltabirdingfestival.com\/es\/actividades\/montphoto-25-anos-divulgando-fotografia-de-naturaleza\/\" data-type=\"activity\" data-id=\"7561\" target=\"_blank\" rel=\"noreferrer noopener\">MontPhoto, veinticinco a\u00f1os divulgando fotograf\u00eda de naturaleza<\/a>&#8216;, en la que se ha podido ver las 25 mejores im\u00e1genes de este concurso internacional de fotograf\u00eda que este a\u00f1o cumple un cuarto de siglo de vida.<\/p>\n\n\n\n<p>De forma paralela al Delta Birding Festival y en el marco del programa de H\u00e1bitos saludables,&nbsp; <a rel=\"noreferrer noopener\" href=\"https:\/\/www.agbar.es\/ca\" target=\"_blank\"><span class=\"has-inline-color has-brand-secondary-color\"><strong>AGBAR<\/strong><\/span><\/a> ha organizado, para sus trabajadores, una salida ornitol\u00f3gica para visitar los humedales de depuraci\u00f3n y se les ha proporcionado entradas para poder disfrutar del Festival<\/p>\n\n\n\n<p>Como ya sab\u00e9is, el DBF no tiene ning\u00fan \u00e1nimo de lucro y la recaudaci\u00f3n integra de la venta de entradas se destina a un proyecto de conservaci\u00f3n, en este caso &#8216;<a href=\"https:\/\/deltabirdingfestival.com\/es\/festival\/que-nos-diferencia\/\" data-type=\"page\" data-id=\"417\" target=\"_blank\" rel=\"noreferrer noopener\">Los birdwatchers del Daasanach<\/a>&#8216;. Es por ello que desde la organizaci\u00f3n valoramos much\u00edsimo la aportaci\u00f3n que hacen empresas como <a rel=\"noreferrer noopener\" href=\"https:\/\/www.agbar.es\/ca\" target=\"_blank\"><strong><span class=\"has-inline-color has-brand-secondary-color\">AGBAR<\/span><\/strong><\/a> que permite financiar el coste tanto de infraestructuras como de actividades para que la cantidad recaudada para el proyecto de conservaci\u00f3n sea lo m\u00e1s alta posible.<\/p>\n\n\n<figure class=\"old-block-image\">\n\t    <img decoding=\"async\" \n\t            class=\"lazy lazyload\" \n\t            data-mobilesrc=\"https:\/\/deltabirdingfestival.com\/wp-content\/uploads\/2021\/09\/Noticia_2909M_WebFbTw-320x180.jpg\" \n\t            data-src=\"https:\/\/deltabirdingfestival.com\/wp-content\/uploads\/2021\/09\/Noticia_2909M_WebFbTw.jpg\" \n\t            alt=\"Noticia_2909M_WebFbTw\" \n\t            src=\"data:image\/png;base64,iVBORw0KGgoAAAANSUhEUgAAAAEAAAABCAYAAAAfFcSJAAAAAXNSR0IArs4c6QAAAARnQU1BAACxjwv8YQUAAAAJcEhZcwAADsQAAA7EAZUrDhsAAAANSURBVBhXYzh8+PB\/AAffA0nNPuCLAAAAAElFTkSuQmCC\">\n\t   <\/figure>","protected":false},"excerpt":{"rendered":"<p>En el contexto del Delta del Ebro,&nbsp; AGBAR es una empresa particularmente bien implantada, ya que gestiona, a trav\u00e9s de Aquambiente, los humedales de depuraci\u00f3n de la Illa de Mar y del Goler\u00f3, dos espacios que en los \u00faltimos a\u00f1os se han convertido en puntos importantes de peregrinaci\u00f3n para todos los aficionados a la observaci\u00f3n&#8230;<\/p>\n","protected":false},"author":6,"featured_media":10054,"comment_status":"closed","ping_status":"closed","sticky":false,"template":"","format":"standard","meta":{"inline_featured_image":false,"footnotes":""},"categories":[29],"tags":[],"class_list":["post-10057","post","type-post","status-publish","format-standard","has-post-thumbnail","hentry","category-noticias"],"_links":{"self":[{"href":"https:\/\/deltabirdingfestival.com\/es\/wp-json\/wp\/v2\/posts\/10057","targetHints":{"allow":["GET"]}}],"collection":[{"href":"https:\/\/deltabirdingfestival.com\/es\/wp-json\/wp\/v2\/posts"}],"about":[{"href":"https:\/\/deltabirdingfestival.com\/es\/wp-json\/wp\/v2\/types\/post"}],"author":[{"embeddable":true,"href":"https:\/\/deltabirdingfestival.com\/es\/wp-json\/wp\/v2\/users\/6"}],"replies":[{"embeddable":true,"href":"https:\/\/deltabirdingfestival.com\/es\/wp-json\/wp\/v2\/comments?post=10057"}],"version-history":[{"count":0,"href":"https:\/\/deltabirdingfestival.com\/es\/wp-json\/wp\/v2\/posts\/10057\/revisions"}],"wp:featuredmedia":[{"embeddable":true,"href":"https:\/\/deltabirdingfestival.com\/es\/wp-json\/wp\/v2\/media\/10054"}],"wp:attachment":[{"href":"https:\/\/deltabirdingfestival.com\/es\/wp-json\/wp\/v2\/media?parent=10057"}],"wp:term":[{"taxonomy":"category","embeddable":true,"href":"https:\/\/deltabirdingfestival.com\/es\/wp-json\/wp\/v2\/categories?post=10057"},{"taxonomy":"post_tag","embeddable":true,"href":"https:\/\/deltabirdingfestival.com\/es\/wp-json\/wp\/v2\/tags?post=10057"}],"curies":[{"name":"wp","href":"https:\/\/api.w.org\/{rel}","templated":true}]}}