{"id":14768,"date":"2022-07-28T19:06:54","date_gmt":"2022-07-28T17:06:54","guid":{"rendered":"https:\/\/deltabirdingfestival.com\/el-viatge-de-les-aus\/"},"modified":"2022-07-28T19:07:37","modified_gmt":"2022-07-28T17:07:37","slug":"el-viatge-de-les-aus","status":"publish","type":"post","link":"https:\/\/deltabirdingfestival.com\/es\/el-viatge-de-les-aus\/","title":{"rendered":"El viaje de las aves"},"content":{"rendered":"\n<p>Elo\u00efsa Matheu nos ha preparado, para esta edici\u00f3n del Delta Birding Festival, unos preciosos paisajes sonoros que pretenden cubrir la migraci\u00f3n de las aves desde sus cuarteles de cr\u00eda escandinavos, a trav\u00e9s de los collados de monta\u00f1a del Pirineo, en las paradas en humedales de la costa catalana, hasta llegar, finalmente, al banco de Arguin de la costa de Mauritania, donde la mayor\u00eda pasar\u00e1n el invierno.<\/p>\n\n\n\n<p>La migraci\u00f3n de las aves es uno de los mayores espect\u00e1culos que nos ofrece la naturaleza, pero seguirla a trav\u00e9s de sus sonidos, es a\u00fan quiz\u00e1s m\u00e1s sorprendente. Elo\u00efsa ha preparado un montaje que combina sonidos, im\u00e1genes y espectrogramas -la representaci\u00f3n gr\u00e1fica de los sonidos-, para as\u00ed poder ser testigos de este viaje que se lleva a cabo dos veces al a\u00f1o, uno de sur a norte y el otro de norte a sur.<\/p>\n\n\n<figure class=\"old-block-image\">\n\t    <img decoding=\"async\" \n\t            class=\"lazy lazyload\" \n\t            data-mobilesrc=\"https:\/\/deltabirdingfestival.com\/wp-content\/uploads\/2022\/07\/Audiovisual_EloisaMAtheu_dbf22-320x180.jpg\" \n\t            data-src=\"https:\/\/deltabirdingfestival.com\/wp-content\/uploads\/2022\/07\/Audiovisual_EloisaMAtheu_dbf22.jpg\" \n\t            alt=\"Audiovisual_EloisaMAtheu_dbf22\" \n\t            src=\"data:image\/png;base64,iVBORw0KGgoAAAANSUhEUgAAAAEAAAABCAYAAAAfFcSJAAAAAXNSR0IArs4c6QAAAARnQU1BAACxjwv8YQUAAAAJcEhZcwAADsQAAA7EAZUrDhsAAAANSURBVBhXYzh8+PB\/AAffA0nNPuCLAAAAAElFTkSuQmCC\">\n\t   <\/figure>","protected":false},"excerpt":{"rendered":"<p>Elo\u00efsa Matheu nos ha preparado, para esta edici\u00f3n del Delta Birding Festival, unos preciosos paisajes sonoros que pretenden cubrir la migraci\u00f3n de las aves desde sus cuarteles de cr\u00eda escandinavos, a trav\u00e9s de los collados de monta\u00f1a del Pirineo, en las paradas en humedales de la costa catalana, hasta llegar, finalmente, al banco de Arguin&#8230;<\/p>\n","protected":false},"author":6,"featured_media":14714,"comment_status":"closed","ping_status":"closed","sticky":false,"template":"","format":"standard","meta":{"inline_featured_image":false,"footnotes":""},"categories":[29],"tags":[],"class_list":["post-14768","post","type-post","status-publish","format-standard","has-post-thumbnail","hentry","category-noticias"],"_links":{"self":[{"href":"https:\/\/deltabirdingfestival.com\/es\/wp-json\/wp\/v2\/posts\/14768","targetHints":{"allow":["GET"]}}],"collection":[{"href":"https:\/\/deltabirdingfestival.com\/es\/wp-json\/wp\/v2\/posts"}],"about":[{"href":"https:\/\/deltabirdingfestival.com\/es\/wp-json\/wp\/v2\/types\/post"}],"author":[{"embeddable":true,"href":"https:\/\/deltabirdingfestival.com\/es\/wp-json\/wp\/v2\/users\/6"}],"replies":[{"embeddable":true,"href":"https:\/\/deltabirdingfestival.com\/es\/wp-json\/wp\/v2\/comments?post=14768"}],"version-history":[{"count":0,"href":"https:\/\/deltabirdingfestival.com\/es\/wp-json\/wp\/v2\/posts\/14768\/revisions"}],"wp:featuredmedia":[{"embeddable":true,"href":"https:\/\/deltabirdingfestival.com\/es\/wp-json\/wp\/v2\/media\/14714"}],"wp:attachment":[{"href":"https:\/\/deltabirdingfestival.com\/es\/wp-json\/wp\/v2\/media?parent=14768"}],"wp:term":[{"taxonomy":"category","embeddable":true,"href":"https:\/\/deltabirdingfestival.com\/es\/wp-json\/wp\/v2\/categories?post=14768"},{"taxonomy":"post_tag","embeddable":true,"href":"https:\/\/deltabirdingfestival.com\/es\/wp-json\/wp\/v2\/tags?post=14768"}],"curies":[{"name":"wp","href":"https:\/\/api.w.org\/{rel}","templated":true}]}}