{"id":15345,"date":"2022-08-19T12:00:00","date_gmt":"2022-08-19T10:00:00","guid":{"rendered":"https:\/\/deltabirdingfestival.com\/?p=15345"},"modified":"2022-08-06T17:53:40","modified_gmt":"2022-08-06T15:53:40","slug":"como-responden-las-aves-que-habitan-los-ambientes-mas-frios-al-progresivo-calentamiento-global","status":"publish","type":"post","link":"https:\/\/deltabirdingfestival.com\/es\/como-responden-las-aves-que-habitan-los-ambientes-mas-frios-al-progresivo-calentamiento-global\/","title":{"rendered":"\u00bfC\u00f3mo responden las aves que habitan los ambientes m\u00e1s fr\u00edos al progresivo calentamiento global?"},"content":{"rendered":"\n<p>El cambio clim\u00e1tico est\u00e1 alterando el conjunto de los ecosistemas de la tierra, pr\u00e1cticamente sin excepci\u00f3n, pero tenemos m\u00e1s tendencia a focalizarnos en los que debido a este cambio sufrir\u00e1n temperaturas extremadamente altas que no a los ecosistemas templados o fr\u00edos, dejando aparte los glaciares y los polos que tambi\u00e9n se est\u00e1 hablando mucho.<\/p>\n\n\n\n<p>As\u00ed pues, tambi\u00e9n hay que estudiar cu\u00e1l est\u00e1 siendo la respuesta de la biodiversidad de estos ambientes fr\u00edos, pero no extremos y la Mar\u00eda de Mar Delgado lo est\u00e1 haciendo bas\u00e1ndose sobre todo en una especie de ave, el gorri\u00f3n alpino, que por el hecho de habitar las partes altas de los macizos monta\u00f1osos, el progresivo aislamiento de su h\u00e1bitat debido al incremento de las temperaturas globales es muy evidente.<\/p>\n\n\n<figure class=\"old-block-image\">\n\t    <img decoding=\"async\" \n\t            class=\"lazy lazyload\" \n\t            data-mobilesrc=\"https:\/\/deltabirdingfestival.com\/wp-content\/uploads\/2021\/07\/MariaMarDelgado_webdbf22-320x180.jpg\" \n\t            data-src=\"https:\/\/deltabirdingfestival.com\/wp-content\/uploads\/2021\/07\/MariaMarDelgado_webdbf22.jpg\" \n\t            alt=\"MariaMarDelgado_webdbf22\" \n\t            src=\"data:image\/png;base64,iVBORw0KGgoAAAANSUhEUgAAAAEAAAABCAYAAAAfFcSJAAAAAXNSR0IArs4c6QAAAARnQU1BAACxjwv8YQUAAAAJcEhZcwAADsQAAA7EAZUrDhsAAAANSURBVBhXYzh8+PB\/AAffA0nNPuCLAAAAAElFTkSuQmCC\">\n\t   <\/figure>","protected":false},"excerpt":{"rendered":"<p>El cambio clim\u00e1tico est\u00e1 alterando el conjunto de los ecosistemas de la tierra, pr\u00e1cticamente sin excepci\u00f3n, pero tenemos m\u00e1s tendencia a focalizarnos en los que debido a este cambio sufrir\u00e1n temperaturas extremadamente altas que no a los ecosistemas templados o fr\u00edos, dejando aparte los glaciares y los polos que tambi\u00e9n se est\u00e1 hablando mucho. As\u00ed&#8230;<\/p>\n","protected":false},"author":6,"featured_media":12979,"comment_status":"closed","ping_status":"closed","sticky":false,"template":"","format":"standard","meta":{"inline_featured_image":false,"footnotes":""},"categories":[29],"tags":[],"class_list":["post-15345","post","type-post","status-publish","format-standard","has-post-thumbnail","hentry","category-noticias"],"_links":{"self":[{"href":"https:\/\/deltabirdingfestival.com\/es\/wp-json\/wp\/v2\/posts\/15345","targetHints":{"allow":["GET"]}}],"collection":[{"href":"https:\/\/deltabirdingfestival.com\/es\/wp-json\/wp\/v2\/posts"}],"about":[{"href":"https:\/\/deltabirdingfestival.com\/es\/wp-json\/wp\/v2\/types\/post"}],"author":[{"embeddable":true,"href":"https:\/\/deltabirdingfestival.com\/es\/wp-json\/wp\/v2\/users\/6"}],"replies":[{"embeddable":true,"href":"https:\/\/deltabirdingfestival.com\/es\/wp-json\/wp\/v2\/comments?post=15345"}],"version-history":[{"count":0,"href":"https:\/\/deltabirdingfestival.com\/es\/wp-json\/wp\/v2\/posts\/15345\/revisions"}],"wp:featuredmedia":[{"embeddable":true,"href":"https:\/\/deltabirdingfestival.com\/es\/wp-json\/wp\/v2\/media\/12979"}],"wp:attachment":[{"href":"https:\/\/deltabirdingfestival.com\/es\/wp-json\/wp\/v2\/media?parent=15345"}],"wp:term":[{"taxonomy":"category","embeddable":true,"href":"https:\/\/deltabirdingfestival.com\/es\/wp-json\/wp\/v2\/categories?post=15345"},{"taxonomy":"post_tag","embeddable":true,"href":"https:\/\/deltabirdingfestival.com\/es\/wp-json\/wp\/v2\/tags?post=15345"}],"curies":[{"name":"wp","href":"https:\/\/api.w.org\/{rel}","templated":true}]}}