{"id":20825,"date":"2023-07-17T10:55:15","date_gmt":"2023-07-17T08:55:15","guid":{"rendered":"https:\/\/deltabirdingfestival.com\/?p=20825"},"modified":"2023-08-24T07:40:20","modified_gmt":"2023-08-24T05:40:20","slug":"la-ovella-verda-podcast-y-divulgacion-desde-0","status":"publish","type":"post","link":"https:\/\/deltabirdingfestival.com\/es\/la-ovella-verda-podcast-y-divulgacion-desde-0\/","title":{"rendered":"La Ovella Verda: P\u00f3dcast y divulgaci\u00f3n desde 0 (conferencia en catal\u00e1n)"},"content":{"rendered":"\n<p>La expresi\u00f3n \u00aboveja negra\u00bb se refiere a esa persona diferente dentro de la familia y a menudo considerada rebelde porque no sigue las costumbres familiares. De ah\u00ed es de donde procedi\u00f3 la idea de la \u00aboveja verde\u00bb, representando tambi\u00e9n, dentro de la familia, a aquella persona m\u00e1s sensibilizada por el medio ambiente.<\/p>\n\n\n\n<p>As\u00ed naci\u00f3 el podcast creado por Andrea Camacho y Marta Josa, dos j\u00f3venes ambient\u00f3logas con ganas de compartir curiosidades relacionadas con la fauna y flora de su entorno m\u00e1s cercano, pero sobre todo, de tratar la situaci\u00f3n clim\u00e1tica actual con una mirada cr\u00edtica y positiva.<\/p>\n\n\n\n<p>La Ovella Verda empez\u00f3 en verano de 2020 a hablar de biodiversidad y sostenibilidad en catal\u00e1n, creando un podcast que las ha llevado a grabar m\u00e1s de 30 episodios, ganar premios de divulgaci\u00f3n y llegar a un gran p\u00fablico.<\/p>\n\n\n\n<p>Este septiembre, Marta y Andrea nos explicar\u00e1n c\u00f3mo empez\u00f3 esta aventura y qu\u00e9 retos se han encontrado en el camino en el momento crear contenido en formato podcast, redes sociales y v\u00eddeos.<\/p>\n\n\n\n<p>No se dejar\u00e1n nada en el tintero, nos hablar\u00e1n sobre qu\u00e9 beneficios han obtenido y tambi\u00e9n sobre los problemas t\u00e9cnicos que han vivido, entre otras desventuras. \u00a1Una gu\u00eda sobre todo lo que tienes que hacer y lo que no cuando te planteas crear un proyecto de divulgaci\u00f3n cient\u00edfica!<\/p>\n\n\n<figure class=\"old-block-image\">\n\t    <img decoding=\"async\" \n\t            class=\"lazy lazyload\" \n\t            data-mobilesrc=\"https:\/\/deltabirdingfestival.com\/wp-content\/uploads\/2023\/07\/Disseny-sense-titol-57.png\" \n\t            data-src=\"https:\/\/deltabirdingfestival.com\/wp-content\/uploads\/2023\/07\/Disseny-sense-titol-57.png\" \n\t            alt=\"Disseny sense t\u00edtol (57)\" \n\t            src=\"data:image\/png;base64,iVBORw0KGgoAAAANSUhEUgAAAAEAAAABCAYAAAAfFcSJAAAAAXNSR0IArs4c6QAAAARnQU1BAACxjwv8YQUAAAAJcEhZcwAADsQAAA7EAZUrDhsAAAANSURBVBhXYzh8+PB\/AAffA0nNPuCLAAAAAElFTkSuQmCC\">\n\t   <\/figure>","protected":false},"excerpt":{"rendered":"<p>La expresi\u00f3n \u00aboveja negra\u00bb se refiere a esa persona diferente dentro de la familia y a menudo considerada rebelde porque no sigue las costumbres familiares. De ah\u00ed es de donde procedi\u00f3 la idea de la \u00aboveja verde\u00bb, representando tambi\u00e9n, dentro de la familia, a aquella persona m\u00e1s sensibilizada por el medio ambiente. As\u00ed naci\u00f3 el&#8230;<\/p>\n","protected":false},"author":6,"featured_media":21360,"comment_status":"closed","ping_status":"closed","sticky":false,"template":"","format":"standard","meta":{"inline_featured_image":false,"footnotes":""},"categories":[29],"tags":[],"class_list":["post-20825","post","type-post","status-publish","format-standard","has-post-thumbnail","hentry","category-noticias"],"_links":{"self":[{"href":"https:\/\/deltabirdingfestival.com\/es\/wp-json\/wp\/v2\/posts\/20825","targetHints":{"allow":["GET"]}}],"collection":[{"href":"https:\/\/deltabirdingfestival.com\/es\/wp-json\/wp\/v2\/posts"}],"about":[{"href":"https:\/\/deltabirdingfestival.com\/es\/wp-json\/wp\/v2\/types\/post"}],"author":[{"embeddable":true,"href":"https:\/\/deltabirdingfestival.com\/es\/wp-json\/wp\/v2\/users\/6"}],"replies":[{"embeddable":true,"href":"https:\/\/deltabirdingfestival.com\/es\/wp-json\/wp\/v2\/comments?post=20825"}],"version-history":[{"count":0,"href":"https:\/\/deltabirdingfestival.com\/es\/wp-json\/wp\/v2\/posts\/20825\/revisions"}],"wp:featuredmedia":[{"embeddable":true,"href":"https:\/\/deltabirdingfestival.com\/es\/wp-json\/wp\/v2\/media\/21360"}],"wp:attachment":[{"href":"https:\/\/deltabirdingfestival.com\/es\/wp-json\/wp\/v2\/media?parent=20825"}],"wp:term":[{"taxonomy":"category","embeddable":true,"href":"https:\/\/deltabirdingfestival.com\/es\/wp-json\/wp\/v2\/categories?post=20825"},{"taxonomy":"post_tag","embeddable":true,"href":"https:\/\/deltabirdingfestival.com\/es\/wp-json\/wp\/v2\/tags?post=20825"}],"curies":[{"name":"wp","href":"https:\/\/api.w.org\/{rel}","templated":true}]}}