{"id":21598,"date":"2023-07-24T15:19:02","date_gmt":"2023-07-24T13:19:02","guid":{"rendered":"https:\/\/deltabirdingfestival.com\/?p=21598"},"modified":"2023-08-24T07:38:02","modified_gmt":"2023-08-24T05:38:02","slug":"el-proyecto-life-cerceta-pardilla-acciones-para-la-recuperacion-del-pato-mas-amenazado-de-europa","status":"publish","type":"post","link":"https:\/\/deltabirdingfestival.com\/es\/el-proyecto-life-cerceta-pardilla-acciones-para-la-recuperacion-del-pato-mas-amenazado-de-europa\/","title":{"rendered":"El proyecto LIFE Cerceta Pardilla: acciones para la recuperaci\u00f3n del pato m\u00e1s amenazado de Europa (conferencia en castellano)"},"content":{"rendered":"\n<p>La cerceta pardilla es una de las siete especies en situaci\u00f3n cr\u00edtica en Espa\u00f1a y el pato m\u00e1s amenazado de Europa. Desde 2021, el proyecto LIFE Cerceta Pardilla desarrolla actuaciones en \u00e1reas cr\u00edticas para la especie en Andaluc\u00eda, Valencia y Murcia con el objetivo de restaurar al menos 3.000 hect\u00e1reas de humedales, su h\u00e1bitat, y revertir el riesgo de extinci\u00f3n. Tras m\u00e1s de dos a\u00f1os de ejecuci\u00f3n, se han logrado importantes avances en el conocimiento de la especie y en su conservaci\u00f3n, que Ignacio Torres y Mario Gim\u00e9nez Ripoll expondr\u00e1n durante su conferencia.<\/p>\n\n\n\n<p>Ignacio es subdirector de Biodiversidad y Cambio Clim\u00e1tico de la Fundaci\u00f3n Biodiversidad (MITECO) y director del proyecto LIFE Cerceta Pardilla, y Mario es delegado de SEO\/BirdLife en la Comunidad Valenciana. Gracias a su experiencia en el proyecto nos dar\u00e1n a conocer las citas hist\u00f3ricas de presencia de la cerceta pardilla en el Delta del Ebro y el potencial de esta zona para su reintroducci\u00f3n. Por \u00faltimo,&nbsp;tambi\u00e9n presentar\u00e1n el Manual de Buenas Pr\u00e1cticas para el Turismo Ornitol\u00f3gico en zonas h\u00famedas.&nbsp;<\/p>\n\n\n\n<p>Si te interesa conocer m\u00e1s detalles sobre el proyecto, no dudes en visitar la exposici\u00f3n de la cerceta pardilla que encontrar\u00e1s en el aula mirador de M\u00f3nNatura Delta durante los tres d\u00edas del festival. Adem\u00e1s, te aconsejamos visitar el estand de Seo\/Birdlife, en la zona B de ecoturismo, donde te explicar\u00e1n todo lo que quieras saber sobre la preocupante situaci\u00f3n de esta ave.<\/p>\n\n\n\n<div class=\"wp-block-group is-nowrap is-layout-flex wp-container-core-group-is-layout-ad2f72ca wp-block-group-is-layout-flex\"><figure class=\"old-block-image\">\n\t    <img decoding=\"async\" \n\t            class=\"lazy lazyload\" \n\t            data-mobilesrc=\"https:\/\/deltabirdingfestival.com\/wp-content\/uploads\/2023\/07\/Ignacio-Torres-en-humedal_-Fundacion-Biodiversidad-scaled.jpg\" \n\t            data-src=\"https:\/\/deltabirdingfestival.com\/wp-content\/uploads\/2023\/07\/Ignacio-Torres-en-humedal_-Fundacion-Biodiversidad-scaled.jpg\" \n\t            alt=\"Ignacio Torres en humedal_ Fundaci\u00f3n Biodiversidad\" \n\t            src=\"data:image\/png;base64,iVBORw0KGgoAAAANSUhEUgAAAAEAAAABCAYAAAAfFcSJAAAAAXNSR0IArs4c6QAAAARnQU1BAACxjwv8YQUAAAAJcEhZcwAADsQAAA7EAZUrDhsAAAANSURBVBhXYzh8+PB\/AAffA0nNPuCLAAAAAElFTkSuQmCC\">\n\t   <\/figure>\n\n<figure class=\"old-block-image\">\n\t    <img decoding=\"async\" \n\t            class=\"lazy lazyload\" \n\t            data-mobilesrc=\"https:\/\/deltabirdingfestival.com\/wp-content\/uploads\/2023\/07\/Mario-Gimenez-Ripoll-SEO-BirdLife-1.jpg\" \n\t            data-src=\"https:\/\/deltabirdingfestival.com\/wp-content\/uploads\/2023\/07\/Mario-Gimenez-Ripoll-SEO-BirdLife-1.jpg\" \n\t            alt=\"Mario-Gimenez-Ripoll-SEO-BirdLife-1\" \n\t            src=\"data:image\/png;base64,iVBORw0KGgoAAAANSUhEUgAAAAEAAAABCAYAAAAfFcSJAAAAAXNSR0IArs4c6QAAAARnQU1BAACxjwv8YQUAAAAJcEhZcwAADsQAAA7EAZUrDhsAAAANSURBVBhXYzh8+PB\/AAffA0nNPuCLAAAAAElFTkSuQmCC\">\n\t   <\/figure><\/div>\n","protected":false},"excerpt":{"rendered":"<p>La cerceta pardilla es una de las siete especies en situaci\u00f3n cr\u00edtica en Espa\u00f1a y el pato m\u00e1s amenazado de Europa. Desde 2021, el proyecto LIFE Cerceta Pardilla desarrolla actuaciones en \u00e1reas cr\u00edticas para la especie en Andaluc\u00eda, Valencia y Murcia con el objetivo de restaurar al menos 3.000 hect\u00e1reas de humedales, su h\u00e1bitat, y&#8230;<\/p>\n","protected":false},"author":6,"featured_media":21599,"comment_status":"closed","ping_status":"closed","sticky":false,"template":"","format":"standard","meta":{"inline_featured_image":false,"footnotes":""},"categories":[29],"tags":[],"class_list":["post-21598","post","type-post","status-publish","format-standard","has-post-thumbnail","hentry","category-noticias"],"_links":{"self":[{"href":"https:\/\/deltabirdingfestival.com\/es\/wp-json\/wp\/v2\/posts\/21598","targetHints":{"allow":["GET"]}}],"collection":[{"href":"https:\/\/deltabirdingfestival.com\/es\/wp-json\/wp\/v2\/posts"}],"about":[{"href":"https:\/\/deltabirdingfestival.com\/es\/wp-json\/wp\/v2\/types\/post"}],"author":[{"embeddable":true,"href":"https:\/\/deltabirdingfestival.com\/es\/wp-json\/wp\/v2\/users\/6"}],"replies":[{"embeddable":true,"href":"https:\/\/deltabirdingfestival.com\/es\/wp-json\/wp\/v2\/comments?post=21598"}],"version-history":[{"count":0,"href":"https:\/\/deltabirdingfestival.com\/es\/wp-json\/wp\/v2\/posts\/21598\/revisions"}],"wp:featuredmedia":[{"embeddable":true,"href":"https:\/\/deltabirdingfestival.com\/es\/wp-json\/wp\/v2\/media\/21599"}],"wp:attachment":[{"href":"https:\/\/deltabirdingfestival.com\/es\/wp-json\/wp\/v2\/media?parent=21598"}],"wp:term":[{"taxonomy":"category","embeddable":true,"href":"https:\/\/deltabirdingfestival.com\/es\/wp-json\/wp\/v2\/categories?post=21598"},{"taxonomy":"post_tag","embeddable":true,"href":"https:\/\/deltabirdingfestival.com\/es\/wp-json\/wp\/v2\/tags?post=21598"}],"curies":[{"name":"wp","href":"https:\/\/api.w.org\/{rel}","templated":true}]}}