{"id":21833,"date":"2023-08-24T07:36:01","date_gmt":"2023-08-24T05:36:01","guid":{"rendered":"https:\/\/deltabirdingfestival.com\/?p=21833"},"modified":"2023-08-24T07:36:02","modified_gmt":"2023-08-24T05:36:02","slug":"el-problema-de-las-colisiones-de-aves-en-instalaciones-de-vidrio-conferencia-en-catalan","status":"publish","type":"post","link":"https:\/\/deltabirdingfestival.com\/es\/el-problema-de-las-colisiones-de-aves-en-instalaciones-de-vidrio-conferencia-en-catalan\/","title":{"rendered":"El problema de las colisiones de aves en instalaciones de vidrio (conferencia en catal\u00e1n)"},"content":{"rendered":"\n<p>La colisi\u00f3n de aves en cristales es un problema grave que afecta a muchas especies, especialmente en \u00e1reas urbanas, aunque a menudo pasa desapercibido. El p\u00e1jaro ve el \u00e1rbol a trav\u00e9s del cristal, el cielo o un atractivo paisaje reflejado en \u00e9l y vuela en su direcci\u00f3n, chocando contra el panel.<\/p>\n\n\n\n<p>Esta colisi\u00f3n causa una gran mortalidad de aves a nivel global, afectando la mayor parte de los pa\u00edses occidentales. En Catalu\u00f1a, las especies m\u00e1s afectadas son los paseriformes migratorios protegidos, sobre todo durante las estaciones de paso de primavera y oto\u00f1o.<\/p>\n\n\n\n<p>Con el objetivo de dar a conocer este problema, se aportar\u00e1n ejemplos de puntos problem\u00e1ticos y de iniciativas para evitar o reducir la mortalidad de aves en edificios con cristales y otras infraestructuras con material reflectante.<\/p>\n\n\n\n<p>Esta conferencia ser\u00e1 impartida por Ra\u00fcl Aym\u00ed, jefe de la Oficina Catalana de Anillamiento del Instituto Catal\u00e1n de Ornitolog\u00eda, junto con Gemma Torrelles y Alberto Mu\u00f1oz, Subinspectores del \u00c1rea Regional de Barcelona del cuerpo de los Agentes Rurales.<\/p>\n\n\n<figure class=\"old-block-image\">\n\t    <img decoding=\"async\" \n\t            class=\"lazy lazyload\" \n\t            data-mobilesrc=\"https:\/\/deltabirdingfestival.com\/wp-content\/uploads\/2023\/07\/Disseny-sense-titol-2023-07-28T100508.822.png\" \n\t            data-src=\"https:\/\/deltabirdingfestival.com\/wp-content\/uploads\/2023\/07\/Disseny-sense-titol-2023-07-28T100508.822.png\" \n\t            alt=\"Disseny-sense-titol-2023-07-28T100508.822\" \n\t            src=\"data:image\/png;base64,iVBORw0KGgoAAAANSUhEUgAAAAEAAAABCAYAAAAfFcSJAAAAAXNSR0IArs4c6QAAAARnQU1BAACxjwv8YQUAAAAJcEhZcwAADsQAAA7EAZUrDhsAAAANSURBVBhXYzh8+PB\/AAffA0nNPuCLAAAAAElFTkSuQmCC\">\n\t   <\/figure>\n\n\n<div class=\"wp-block-group is-nowrap is-layout-flex wp-container-core-group-is-layout-ad2f72ca wp-block-group-is-layout-flex\"><figure class=\"old-block-image\">\n\t    <img decoding=\"async\" \n\t            class=\"lazy lazyload\" \n\t            data-mobilesrc=\"https:\/\/deltabirdingfestival.com\/wp-content\/uploads\/2023\/07\/voondjvo-2-scaled.jpg\" \n\t            data-src=\"https:\/\/deltabirdingfestival.com\/wp-content\/uploads\/2023\/07\/voondjvo-2-scaled.jpg\" \n\t            alt=\"voondjvo (2)\" \n\t            src=\"data:image\/png;base64,iVBORw0KGgoAAAANSUhEUgAAAAEAAAABCAYAAAAfFcSJAAAAAXNSR0IArs4c6QAAAARnQU1BAACxjwv8YQUAAAAJcEhZcwAADsQAAA7EAZUrDhsAAAANSURBVBhXYzh8+PB\/AAffA0nNPuCLAAAAAElFTkSuQmCC\">\n\t   <\/figure>\n\n<figure class=\"old-block-image\">\n\t    <img decoding=\"async\" \n\t            class=\"lazy lazyload\" \n\t            data-mobilesrc=\"https:\/\/deltabirdingfestival.com\/wp-content\/uploads\/2023\/07\/20230718_114521-2-scaled.jpg\" \n\t            data-src=\"https:\/\/deltabirdingfestival.com\/wp-content\/uploads\/2023\/07\/20230718_114521-2-scaled.jpg\" \n\t            alt=\"20230718_114521 (2)\" \n\t            src=\"data:image\/png;base64,iVBORw0KGgoAAAANSUhEUgAAAAEAAAABCAYAAAAfFcSJAAAAAXNSR0IArs4c6QAAAARnQU1BAACxjwv8YQUAAAAJcEhZcwAADsQAAA7EAZUrDhsAAAANSURBVBhXYzh8+PB\/AAffA0nNPuCLAAAAAElFTkSuQmCC\">\n\t   <\/figure><\/div>\n","protected":false},"excerpt":{"rendered":"<p>La colisi\u00f3n de aves en cristales es un problema grave que afecta a muchas especies, especialmente en \u00e1reas urbanas, aunque a menudo pasa desapercibido. El p\u00e1jaro ve el \u00e1rbol a trav\u00e9s del cristal, el cielo o un atractivo paisaje reflejado en \u00e9l y vuela en su direcci\u00f3n, chocando contra el panel. Esta colisi\u00f3n causa una&#8230;<\/p>\n","protected":false},"author":6,"featured_media":21752,"comment_status":"closed","ping_status":"closed","sticky":false,"template":"","format":"standard","meta":{"inline_featured_image":false,"footnotes":""},"categories":[29],"tags":[],"class_list":["post-21833","post","type-post","status-publish","format-standard","has-post-thumbnail","hentry","category-noticias"],"_links":{"self":[{"href":"https:\/\/deltabirdingfestival.com\/es\/wp-json\/wp\/v2\/posts\/21833","targetHints":{"allow":["GET"]}}],"collection":[{"href":"https:\/\/deltabirdingfestival.com\/es\/wp-json\/wp\/v2\/posts"}],"about":[{"href":"https:\/\/deltabirdingfestival.com\/es\/wp-json\/wp\/v2\/types\/post"}],"author":[{"embeddable":true,"href":"https:\/\/deltabirdingfestival.com\/es\/wp-json\/wp\/v2\/users\/6"}],"replies":[{"embeddable":true,"href":"https:\/\/deltabirdingfestival.com\/es\/wp-json\/wp\/v2\/comments?post=21833"}],"version-history":[{"count":0,"href":"https:\/\/deltabirdingfestival.com\/es\/wp-json\/wp\/v2\/posts\/21833\/revisions"}],"wp:featuredmedia":[{"embeddable":true,"href":"https:\/\/deltabirdingfestival.com\/es\/wp-json\/wp\/v2\/media\/21752"}],"wp:attachment":[{"href":"https:\/\/deltabirdingfestival.com\/es\/wp-json\/wp\/v2\/media?parent=21833"}],"wp:term":[{"taxonomy":"category","embeddable":true,"href":"https:\/\/deltabirdingfestival.com\/es\/wp-json\/wp\/v2\/categories?post=21833"},{"taxonomy":"post_tag","embeddable":true,"href":"https:\/\/deltabirdingfestival.com\/es\/wp-json\/wp\/v2\/tags?post=21833"}],"curies":[{"name":"wp","href":"https:\/\/api.w.org\/{rel}","templated":true}]}}