{"id":2397,"date":"2021-06-10T02:17:00","date_gmt":"2021-06-10T00:17:00","guid":{"rendered":"https:\/\/deltabirdingfestival.com\/?p=2397"},"modified":"2021-06-10T23:12:32","modified_gmt":"2021-06-10T21:12:32","slug":"el-dbf21-estrena-web","status":"publish","type":"post","link":"https:\/\/deltabirdingfestival.com\/es\/el-dbf21-estrena-web\/","title":{"rendered":"El DBF\u201921 estrena web"},"content":{"rendered":"\n<p>Est\u00e1is disfrutando de la nueva web del Festival que os permitir\u00e1 acceder a la informaci\u00f3n de una manera m\u00e1s \u00e1gil y directa.<\/p>\n\n\n\n<p>En estos momentos, todav\u00eda estamos cerrando la parrilla de conferencias y salidas. En cuanto tengamos las primeras actividades confirmadas podr\u00e9is empezar a realizar vuestro planning DBF.<\/p>\n\n\n\n<p>Asimismo, este a\u00f1o, a pesar de las medidas Covid, podremos disfrutar igualmente de la feria de expositores donde encontrar\u00e9is la mejor oferta en \u00f3ptica y fotograf\u00eda, una gran variedad de publicaciones, libros,\u2026 Adem\u00e1s, tambi\u00e9n podr\u00e9is visitar las nuevas propuestas de turismo sostenible de naturaleza que se est\u00e1n preparando para volver a disfrutar de la naturaleza con \u201cnormalidad\u201d. Tampoco faltar\u00e1n las organizaciones e instituciones que nos permitir\u00e1n conocer su labor en beneficio de la naturaleza. Todo esto en breve estar\u00e1 disponible para todos vosotros.<\/p>\n\n\n\n<p>\u00a1Manteneos atentos!<\/p>\n\n\n<figure class=\"old-block-image\">\n\t    <img decoding=\"async\" \n\t            class=\"lazy lazyload\" \n\t            data-mobilesrc=\"https:\/\/deltabirdingfestival.com\/wp-content\/uploads\/2021\/05\/tornem_DBF21-320x214.jpg\" \n\t            data-src=\"https:\/\/deltabirdingfestival.com\/wp-content\/uploads\/2021\/05\/tornem_DBF21.jpg\" \n\t            alt=\"tornem_DBF21\" \n\t            src=\"data:image\/png;base64,iVBORw0KGgoAAAANSUhEUgAAAAEAAAABCAYAAAAfFcSJAAAAAXNSR0IArs4c6QAAAARnQU1BAACxjwv8YQUAAAAJcEhZcwAADsQAAA7EAZUrDhsAAAANSURBVBhXYzh8+PB\/AAffA0nNPuCLAAAAAElFTkSuQmCC\">\n\t   <\/figure>","protected":false},"excerpt":{"rendered":"<p>Est\u00e1is disfrutando de la nueva web del Festival que os permitir\u00e1 acceder a la informaci\u00f3n de una manera m\u00e1s \u00e1gil y directa. En estos momentos, todav\u00eda estamos cerrando la parrilla de conferencias y salidas. En cuanto tengamos las primeras actividades confirmadas podr\u00e9is empezar a realizar vuestro planning DBF. Asimismo, este a\u00f1o, a pesar de las&#8230;<\/p>\n","protected":false},"author":6,"featured_media":10704,"comment_status":"closed","ping_status":"closed","sticky":false,"template":"","format":"standard","meta":{"inline_featured_image":false,"footnotes":""},"categories":[29],"tags":[],"class_list":["post-2397","post","type-post","status-publish","format-standard","has-post-thumbnail","hentry","category-noticias"],"_links":{"self":[{"href":"https:\/\/deltabirdingfestival.com\/es\/wp-json\/wp\/v2\/posts\/2397","targetHints":{"allow":["GET"]}}],"collection":[{"href":"https:\/\/deltabirdingfestival.com\/es\/wp-json\/wp\/v2\/posts"}],"about":[{"href":"https:\/\/deltabirdingfestival.com\/es\/wp-json\/wp\/v2\/types\/post"}],"author":[{"embeddable":true,"href":"https:\/\/deltabirdingfestival.com\/es\/wp-json\/wp\/v2\/users\/6"}],"replies":[{"embeddable":true,"href":"https:\/\/deltabirdingfestival.com\/es\/wp-json\/wp\/v2\/comments?post=2397"}],"version-history":[{"count":0,"href":"https:\/\/deltabirdingfestival.com\/es\/wp-json\/wp\/v2\/posts\/2397\/revisions"}],"wp:featuredmedia":[{"embeddable":true,"href":"https:\/\/deltabirdingfestival.com\/es\/wp-json\/wp\/v2\/media\/10704"}],"wp:attachment":[{"href":"https:\/\/deltabirdingfestival.com\/es\/wp-json\/wp\/v2\/media?parent=2397"}],"wp:term":[{"taxonomy":"category","embeddable":true,"href":"https:\/\/deltabirdingfestival.com\/es\/wp-json\/wp\/v2\/categories?post=2397"},{"taxonomy":"post_tag","embeddable":true,"href":"https:\/\/deltabirdingfestival.com\/es\/wp-json\/wp\/v2\/tags?post=2397"}],"curies":[{"name":"wp","href":"https:\/\/api.w.org\/{rel}","templated":true}]}}