{"id":25016,"date":"2023-09-20T13:45:09","date_gmt":"2023-09-20T11:45:09","guid":{"rendered":"https:\/\/deltabirdingfestival.com\/?p=25016"},"modified":"2023-09-21T11:31:37","modified_gmt":"2023-09-21T09:31:37","slug":"los-catalogos-de-fauna-y-flora-amenazadas-de-cataluna-nuevas-oportunidades-para-la-conservacion-de-la-naturaleza","status":"publish","type":"post","link":"https:\/\/deltabirdingfestival.com\/es\/los-catalogos-de-fauna-y-flora-amenazadas-de-cataluna-nuevas-oportunidades-para-la-conservacion-de-la-naturaleza\/","title":{"rendered":"Los cat\u00e1logos de fauna y flora amenazadas de Catalu\u00f1a: nuevas oportunidades para la conservaci\u00f3n de la naturaleza (conversaci\u00f3n en catal\u00e1n)"},"content":{"rendered":"\n<p>Los cat\u00e1logos de fauna y flora amenazada incluyen m\u00e1s de 700 taxones que requieren medidas de conservaci\u00f3n. M\u00e1s all\u00e1 de identificar qu\u00e9 especies est\u00e1n amenazadas, discutiremos con diferentes t\u00e9cnicos de biodiversidad qu\u00e9 papel pueden desempe\u00f1ar los cat\u00e1logos en la conservaci\u00f3n de las especies y los h\u00e1bitats: c\u00f3mo se trabaja a d\u00eda de hoy y qu\u00e9 oportunidades ofrecen los cat\u00e1logos, desde la planificaci\u00f3n a nivel catal\u00e1n, pasando por la conservaci\u00f3n en el d\u00eda a d\u00eda del territorio a trav\u00e9s de la evaluaci\u00f3n de proyectos de infraestructuras o energ\u00e9ticos, hasta la gesti\u00f3n y conservaci\u00f3n aplicada en los espacios naturales de Catalu\u00f1a.<\/p>\n\n\n\n<p>En esta conversaci\u00f3n participar\u00e1n Helena Tauler \u2013 Secci\u00f3n de conservaci\u00f3n de la fauna del Servicio de Fauna y Flora, Generalidad de Catalu\u00f1a \u2013, Jordi Rofes \u2013 Secci\u00f3n de conservaci\u00f3n de la flora del Servicio de Fauna y Flora, Generalidad de Catalu\u00f1a \u2013, Laure\u00e0 Jordi Gin\u00e9 \u2013 jefe de la Oficina Territorial de Acci\u00f3n y Evaluaci\u00f3n Ambiental de Tarragona, Generalidad de Catalu\u00f1a \u2013 y Nati Franch \u2013 Parque Natural del Delta del Ebro, Generalidad de Catalu\u00f1a \u2013, moderados por Mart\u00ed Franch \u2013 Secci\u00f3n de conservaci\u00f3n de la fauna del Servicio de Fauna y Flora, Generalidad de Catalu\u00f1a  \u2013 .<\/p>\n\n\n<figure class=\"old-block-image\">\n\t    <img decoding=\"async\" \n\t            class=\"lazy lazyload\" \n\t            data-mobilesrc=\"https:\/\/deltabirdingfestival.com\/wp-content\/uploads\/2023\/09\/Disseny-sense-titol-21-1.png\" \n\t            data-src=\"https:\/\/deltabirdingfestival.com\/wp-content\/uploads\/2023\/09\/Disseny-sense-titol-21-1.png\" \n\t            alt=\"Disseny sense t\u00edtol (21)\" \n\t            src=\"data:image\/png;base64,iVBORw0KGgoAAAANSUhEUgAAAAEAAAABCAYAAAAfFcSJAAAAAXNSR0IArs4c6QAAAARnQU1BAACxjwv8YQUAAAAJcEhZcwAADsQAAA7EAZUrDhsAAAANSURBVBhXYzh8+PB\/AAffA0nNPuCLAAAAAElFTkSuQmCC\">\n\t   <\/figure>\n\n\n<p>Fotograf\u00eda de Mariano Cebolla.<\/p>\n","protected":false},"excerpt":{"rendered":"<p>Los cat\u00e1logos de fauna y flora amenazada incluyen m\u00e1s de 700 taxones que requieren medidas de conservaci\u00f3n. M\u00e1s all\u00e1 de identificar qu\u00e9 especies est\u00e1n amenazadas, discutiremos con diferentes t\u00e9cnicos de biodiversidad qu\u00e9 papel pueden desempe\u00f1ar los cat\u00e1logos en la conservaci\u00f3n de las especies y los h\u00e1bitats: c\u00f3mo se trabaja a d\u00eda de hoy y qu\u00e9&#8230;<\/p>\n","protected":false},"author":6,"featured_media":27503,"comment_status":"closed","ping_status":"closed","sticky":false,"template":"","format":"standard","meta":{"inline_featured_image":false,"footnotes":""},"categories":[29],"tags":[],"class_list":["post-25016","post","type-post","status-publish","format-standard","has-post-thumbnail","hentry","category-noticias"],"_links":{"self":[{"href":"https:\/\/deltabirdingfestival.com\/es\/wp-json\/wp\/v2\/posts\/25016","targetHints":{"allow":["GET"]}}],"collection":[{"href":"https:\/\/deltabirdingfestival.com\/es\/wp-json\/wp\/v2\/posts"}],"about":[{"href":"https:\/\/deltabirdingfestival.com\/es\/wp-json\/wp\/v2\/types\/post"}],"author":[{"embeddable":true,"href":"https:\/\/deltabirdingfestival.com\/es\/wp-json\/wp\/v2\/users\/6"}],"replies":[{"embeddable":true,"href":"https:\/\/deltabirdingfestival.com\/es\/wp-json\/wp\/v2\/comments?post=25016"}],"version-history":[{"count":0,"href":"https:\/\/deltabirdingfestival.com\/es\/wp-json\/wp\/v2\/posts\/25016\/revisions"}],"wp:featuredmedia":[{"embeddable":true,"href":"https:\/\/deltabirdingfestival.com\/es\/wp-json\/wp\/v2\/media\/27503"}],"wp:attachment":[{"href":"https:\/\/deltabirdingfestival.com\/es\/wp-json\/wp\/v2\/media?parent=25016"}],"wp:term":[{"taxonomy":"category","embeddable":true,"href":"https:\/\/deltabirdingfestival.com\/es\/wp-json\/wp\/v2\/categories?post=25016"},{"taxonomy":"post_tag","embeddable":true,"href":"https:\/\/deltabirdingfestival.com\/es\/wp-json\/wp\/v2\/tags?post=25016"}],"curies":[{"name":"wp","href":"https:\/\/api.w.org\/{rel}","templated":true}]}}