{"id":34347,"date":"2024-09-06T16:05:04","date_gmt":"2024-09-06T14:05:04","guid":{"rendered":"https:\/\/deltabirdingfestival.com\/?p=34347"},"modified":"2024-09-06T16:05:05","modified_gmt":"2024-09-06T14:05:05","slug":"la-exposicion-exterior-del-dbf24-tratara-del-parque-natural-del-delta-del-ebro","status":"publish","type":"post","link":"https:\/\/deltabirdingfestival.com\/es\/la-exposicion-exterior-del-dbf24-tratara-del-parque-natural-del-delta-del-ebro\/","title":{"rendered":"La exposici\u00f3n exterior del DBF24 tratar\u00e1 del Parque Natural del Delta del Ebro"},"content":{"rendered":"\n<p>Durante los d\u00edas 20, 21 y 22 de septiembre podr\u00e1s disfrutar de la exposici\u00f3n exterior, situada dentro de M\u00f3nNatura Delta, junto a las salinas, con fotograf\u00edas incre\u00edbles de la fauna, flora, paisajes y mucho m\u00e1s de nuestro querido Parque Natural del Delta de el Ebro.<\/p>\n\n\n\n<p>Gracias al patrocinio de la Generalidad de Catalu\u00f1a y al apoyo institucional del Parque Natural del Delta del Ebro, hemos podido compartir con todos vosotros una serie de fotograf\u00edas que junto con su explicaci\u00f3n posterior, \u00a1esperamos que os impacten!<\/p>\n\n\n<figure class=\"old-block-image\">\n\t    <img decoding=\"async\" \n\t            class=\"lazy lazyload\" \n\t            data-mobilesrc=\"https:\/\/deltabirdingfestival.com\/wp-content\/uploads\/2024\/09\/Portada-expo-parc-2024-copy-1-320x242.webp\" \n\t            data-src=\"https:\/\/deltabirdingfestival.com\/wp-content\/uploads\/2024\/09\/Portada-expo-parc-2024-copy-1-scaled.webp\" \n\t            alt=\"Portada-expo-parc-2024-copy-1\" \n\t            src=\"data:image\/png;base64,iVBORw0KGgoAAAANSUhEUgAAAAEAAAABCAYAAAAfFcSJAAAAAXNSR0IArs4c6QAAAARnQU1BAACxjwv8YQUAAAAJcEhZcwAADsQAAA7EAZUrDhsAAAANSURBVBhXYzh8+PB\/AAffA0nNPuCLAAAAAElFTkSuQmCC\">\n\t   <\/figure>","protected":false},"excerpt":{"rendered":"<p>Durante los d\u00edas 20, 21 y 22 de septiembre podr\u00e1s disfrutar de la exposici\u00f3n exterior, situada dentro de M\u00f3nNatura Delta, junto a las salinas, con fotograf\u00edas incre\u00edbles de la fauna, flora, paisajes y mucho m\u00e1s de nuestro querido Parque Natural del Delta de el Ebro. Gracias al patrocinio de la Generalidad de Catalu\u00f1a y al&#8230;<\/p>\n","protected":false},"author":10,"featured_media":34345,"comment_status":"closed","ping_status":"closed","sticky":false,"template":"","format":"standard","meta":{"inline_featured_image":false,"footnotes":""},"categories":[29],"tags":[],"class_list":["post-34347","post","type-post","status-publish","format-standard","has-post-thumbnail","hentry","category-noticias"],"_links":{"self":[{"href":"https:\/\/deltabirdingfestival.com\/es\/wp-json\/wp\/v2\/posts\/34347","targetHints":{"allow":["GET"]}}],"collection":[{"href":"https:\/\/deltabirdingfestival.com\/es\/wp-json\/wp\/v2\/posts"}],"about":[{"href":"https:\/\/deltabirdingfestival.com\/es\/wp-json\/wp\/v2\/types\/post"}],"author":[{"embeddable":true,"href":"https:\/\/deltabirdingfestival.com\/es\/wp-json\/wp\/v2\/users\/10"}],"replies":[{"embeddable":true,"href":"https:\/\/deltabirdingfestival.com\/es\/wp-json\/wp\/v2\/comments?post=34347"}],"version-history":[{"count":1,"href":"https:\/\/deltabirdingfestival.com\/es\/wp-json\/wp\/v2\/posts\/34347\/revisions"}],"predecessor-version":[{"id":34351,"href":"https:\/\/deltabirdingfestival.com\/es\/wp-json\/wp\/v2\/posts\/34347\/revisions\/34351"}],"wp:featuredmedia":[{"embeddable":true,"href":"https:\/\/deltabirdingfestival.com\/es\/wp-json\/wp\/v2\/media\/34345"}],"wp:attachment":[{"href":"https:\/\/deltabirdingfestival.com\/es\/wp-json\/wp\/v2\/media?parent=34347"}],"wp:term":[{"taxonomy":"category","embeddable":true,"href":"https:\/\/deltabirdingfestival.com\/es\/wp-json\/wp\/v2\/categories?post=34347"},{"taxonomy":"post_tag","embeddable":true,"href":"https:\/\/deltabirdingfestival.com\/es\/wp-json\/wp\/v2\/tags?post=34347"}],"curies":[{"name":"wp","href":"https:\/\/api.w.org\/{rel}","templated":true}]}}