{"id":37732,"date":"2025-08-07T16:23:46","date_gmt":"2025-08-07T14:23:46","guid":{"rendered":"https:\/\/deltabirdingfestival.com\/?p=37732"},"modified":"2025-08-07T16:23:48","modified_gmt":"2025-08-07T14:23:48","slug":"pau-castell-dbf-junior-la-avifauna-de-montana-en-mallorca","status":"publish","type":"post","link":"https:\/\/deltabirdingfestival.com\/es\/pau-castell-dbf-junior-la-avifauna-de-montana-en-mallorca\/","title":{"rendered":"Pau Castell (DBF J\u00fanior) &#8211; La avifauna de monta\u00f1a en Mallorca"},"content":{"rendered":"\n<p><strong>Pau Castell Cardona es un joven amante de la avifauna que, a pesar de tener solo 15 a\u00f1os, ya lleva 3 siguiendo aves rapaces. A lo largo de su camino ha ido descubriendo otras especies, tanto mediante la fotograf\u00eda en hides como al aire libre. Desde hace un a\u00f1o y medio, gracias a personas como Josep Manchado, Toni Soler, Maties Rebassa (entre otros), se ha adentrado en el mundo de la ornitolog\u00eda y la b\u00fasqueda de rarezas.<\/strong><\/p>\n\n\n\n<p>Durante su charla, comparar\u00e1 la situaci\u00f3n de las aves de monta\u00f1a en Mallorca hace 15 a\u00f1os con la actualidad, con el objetivo de entender qu\u00e9 ha ocurrido y si se puede hacer algo para mejorar esta situaci\u00f3n. Tambi\u00e9n aprovechar\u00e1 la conferencia para contar sus experiencias haciendo vivacs, buscando aves y reflexionar sobre lo importante que es que los j\u00f3venes ornit\u00f3logos se empoderen y no tengan verg\u00fcenza de compartir este amor por las aves y dar visibilidad a esta afici\u00f3n.<\/p>\n","protected":false},"excerpt":{"rendered":"<p>Pau Castell Cardona es un joven amante de la avifauna que, a pesar de tener solo 15 a\u00f1os, ya lleva 3 siguiendo aves rapaces. A lo largo de su camino ha ido descubriendo otras especies, tanto mediante la fotograf\u00eda en hides como al aire libre. Desde hace un a\u00f1o y medio, gracias a personas como&#8230;<\/p>\n","protected":false},"author":10,"featured_media":37758,"comment_status":"closed","ping_status":"closed","sticky":false,"template":"","format":"standard","meta":{"inline_featured_image":false,"footnotes":""},"categories":[29],"tags":[],"class_list":["post-37732","post","type-post","status-publish","format-standard","has-post-thumbnail","hentry","category-noticias"],"_links":{"self":[{"href":"https:\/\/deltabirdingfestival.com\/es\/wp-json\/wp\/v2\/posts\/37732","targetHints":{"allow":["GET"]}}],"collection":[{"href":"https:\/\/deltabirdingfestival.com\/es\/wp-json\/wp\/v2\/posts"}],"about":[{"href":"https:\/\/deltabirdingfestival.com\/es\/wp-json\/wp\/v2\/types\/post"}],"author":[{"embeddable":true,"href":"https:\/\/deltabirdingfestival.com\/es\/wp-json\/wp\/v2\/users\/10"}],"replies":[{"embeddable":true,"href":"https:\/\/deltabirdingfestival.com\/es\/wp-json\/wp\/v2\/comments?post=37732"}],"version-history":[{"count":1,"href":"https:\/\/deltabirdingfestival.com\/es\/wp-json\/wp\/v2\/posts\/37732\/revisions"}],"predecessor-version":[{"id":37733,"href":"https:\/\/deltabirdingfestival.com\/es\/wp-json\/wp\/v2\/posts\/37732\/revisions\/37733"}],"wp:featuredmedia":[{"embeddable":true,"href":"https:\/\/deltabirdingfestival.com\/es\/wp-json\/wp\/v2\/media\/37758"}],"wp:attachment":[{"href":"https:\/\/deltabirdingfestival.com\/es\/wp-json\/wp\/v2\/media?parent=37732"}],"wp:term":[{"taxonomy":"category","embeddable":true,"href":"https:\/\/deltabirdingfestival.com\/es\/wp-json\/wp\/v2\/categories?post=37732"},{"taxonomy":"post_tag","embeddable":true,"href":"https:\/\/deltabirdingfestival.com\/es\/wp-json\/wp\/v2\/tags?post=37732"}],"curies":[{"name":"wp","href":"https:\/\/api.w.org\/{rel}","templated":true}]}}