{"id":38526,"date":"2025-08-19T16:05:22","date_gmt":"2025-08-19T14:05:22","guid":{"rendered":"https:\/\/deltabirdingfestival.com\/?p=38526"},"modified":"2025-08-19T16:10:40","modified_gmt":"2025-08-19T14:10:40","slug":"oscar-diez-la-recuperacion-del-quebrantahuesos-un-modelo-de-conservacion-en-armonia-con-el-desarrollo-rural","status":"publish","type":"post","link":"https:\/\/deltabirdingfestival.com\/es\/oscar-diez-la-recuperacion-del-quebrantahuesos-un-modelo-de-conservacion-en-armonia-con-el-desarrollo-rural\/","title":{"rendered":"Oscar D\u00edez &#8211; La recuperaci\u00f3n del Quebrantahuesos, un modelo de conservaci\u00f3n en armon\u00eda con el desarrollo rural"},"content":{"rendered":"\n<p><strong>Oscar D\u00edez se define como \u201cornit\u00f3logo de nacimiento\u201d, con un gran inter\u00e9s en observar aves desde su A\u00ednsa natal, en pleno Pirineo Aragon\u00e9s, donde reside y trabaja. Hace 30 a\u00f1os cre\u00f3, junto con un grupo de apasionados naturalistas, la Fundaci\u00f3n para la Conservaci\u00f3n del Quebrantahuesos de la que es su actual presidente.<\/strong><\/p>\n\n\n\n<p>La Fundaci\u00f3n para la Conservaci\u00f3n del Quebrantahuesos se cre\u00f3 con el objetivo recuperar a esta especie en peligro de extinci\u00f3n en el conjunto de las monta\u00f1as de la pen\u00ednsula Ib\u00e9rica, sin dejar de lado el conjunto de valores y caracter\u00edsticas que esta especie requiere para seleccionar los bellos parajes monta\u00f1osos en los que habita: ganader\u00eda en r\u00e9gimen extensivo, usos tradicionales compatibles con la conservaci\u00f3n de la biodiversidad y b\u00fasqueda de soluciones de desarrollo local basadas en la conservaci\u00f3n de la naturaleza. <\/p>\n\n\n\n<p>La presentaci\u00f3n recorrer\u00e1 desde los or\u00edgenes el estado de la poblaci\u00f3n ib\u00e9rica y los proyectos que se han desarrollado durante tres d\u00e9cadas de trabajo continuado y no exento de dificultades hasta llegar al momento actual en el que el quebrantahuesos presenta un estado de conservaci\u00f3n favorable y prometedor.<\/p>\n","protected":false},"excerpt":{"rendered":"<p>Oscar D\u00edez se define como \u201cornit\u00f3logo de nacimiento\u201d, con un gran inter\u00e9s en observar aves desde su A\u00ednsa natal, en pleno Pirineo Aragon\u00e9s, donde reside y trabaja. Hace 30 a\u00f1os cre\u00f3, junto con un grupo de apasionados naturalistas, la Fundaci\u00f3n para la Conservaci\u00f3n del Quebrantahuesos de la que es su actual presidente. La Fundaci\u00f3n para&#8230;<\/p>\n","protected":false},"author":10,"featured_media":38527,"comment_status":"closed","ping_status":"closed","sticky":false,"template":"","format":"standard","meta":{"inline_featured_image":false,"footnotes":""},"categories":[29],"tags":[],"class_list":["post-38526","post","type-post","status-publish","format-standard","has-post-thumbnail","hentry","category-noticias"],"_links":{"self":[{"href":"https:\/\/deltabirdingfestival.com\/es\/wp-json\/wp\/v2\/posts\/38526","targetHints":{"allow":["GET"]}}],"collection":[{"href":"https:\/\/deltabirdingfestival.com\/es\/wp-json\/wp\/v2\/posts"}],"about":[{"href":"https:\/\/deltabirdingfestival.com\/es\/wp-json\/wp\/v2\/types\/post"}],"author":[{"embeddable":true,"href":"https:\/\/deltabirdingfestival.com\/es\/wp-json\/wp\/v2\/users\/10"}],"replies":[{"embeddable":true,"href":"https:\/\/deltabirdingfestival.com\/es\/wp-json\/wp\/v2\/comments?post=38526"}],"version-history":[{"count":1,"href":"https:\/\/deltabirdingfestival.com\/es\/wp-json\/wp\/v2\/posts\/38526\/revisions"}],"predecessor-version":[{"id":38533,"href":"https:\/\/deltabirdingfestival.com\/es\/wp-json\/wp\/v2\/posts\/38526\/revisions\/38533"}],"wp:featuredmedia":[{"embeddable":true,"href":"https:\/\/deltabirdingfestival.com\/es\/wp-json\/wp\/v2\/media\/38527"}],"wp:attachment":[{"href":"https:\/\/deltabirdingfestival.com\/es\/wp-json\/wp\/v2\/media?parent=38526"}],"wp:term":[{"taxonomy":"category","embeddable":true,"href":"https:\/\/deltabirdingfestival.com\/es\/wp-json\/wp\/v2\/categories?post=38526"},{"taxonomy":"post_tag","embeddable":true,"href":"https:\/\/deltabirdingfestival.com\/es\/wp-json\/wp\/v2\/tags?post=38526"}],"curies":[{"name":"wp","href":"https:\/\/api.w.org\/{rel}","templated":true}]}}