{"id":39363,"date":"2025-09-05T11:38:02","date_gmt":"2025-09-05T09:38:02","guid":{"rendered":"https:\/\/deltabirdingfestival.com\/?p=39363"},"modified":"2025-09-05T11:38:04","modified_gmt":"2025-09-05T09:38:04","slug":"firmas-de-libros-dbf25","status":"publish","type":"post","link":"https:\/\/deltabirdingfestival.com\/es\/firmas-de-libros-dbf25\/","title":{"rendered":"Firmas de libros DBF25"},"content":{"rendered":"\n<p><strong>S\u00e1bado 20 en la Carpa Oryx, podr\u00e9is disfrutar de las firmas de libros de los siguientes autores:<\/strong><\/p>\n\n\n\n<p>Ricard Guti\u00e9rrez con el libro <em>\u00abVamos a la playa\u00bb<\/em> de 11:00 a 12:00.<\/p>\n\n\n\n<p>Per Alstr\u00f6m con el libro <em>\u00abPipits and Wagtails of Europe, Asia and North America\u00bb<\/em> de 11:00 a 12:00.<\/p>\n\n\n\n<p>Jos\u00e9 Luis Cort\u00e9s Montesinos con el libro <em>\u00abEntre esparveros y cardelinas. Un tesoro de aves y nombres en el Alto Arag\u00f3n\u00bb<\/em> de 12:00 a 13:00.<\/p>\n\n\n\n<p>Gerard Carbonell y Alejandro Garc\u00eda Salmer\u00f3n con el libro <em>\u00abGuia de r\u00e8ptils de Catalunya\u00bb<\/em> de 16:00 a 17:00.<\/p>\n\n\n\n<p>Juan Jos\u00e9 Ramos Melo con el libro <em>\u00abSucesos en la naturaleza canaria. Relatos para curiosos\u00bb<\/em> de 17:00 a 18:00.<\/p>\n\n\n\n<p>Carlos Lozano con el libro <em>\u00abBiometr\u00eda de un encuentro\u00bb<\/em> de 17:00 a 18:00.<\/p>\n\n\n\n<p>Fernando G\u00f3mez, Paloma Troya y Elvia G. Troya con el libro <em>\u00abGu\u00eda visual de huellas y rastros de la fauna de Espa\u00f1a y el resto de Europa\u00bb<\/em> de 18:00 a 19:00.<\/p>\n\n\n\n<p>Elvia G. Troya (Elvia La Rastreadora) con el libro <em>\u00abCosas que me flipan de los animales\u00bb<\/em> de 18:00 a 19:00.<\/p>\n","protected":false},"excerpt":{"rendered":"<p>S\u00e1bado 20 en la Carpa Oryx, podr\u00e9is disfrutar de las firmas de libros de los siguientes autores: Ricard Guti\u00e9rrez con el libro \u00abVamos a la playa\u00bb de 11:00 a 12:00. Per Alstr\u00f6m con el libro \u00abPipits and Wagtails of Europe, Asia and North America\u00bb de 11:00 a 12:00. Jos\u00e9 Luis Cort\u00e9s Montesinos con el libro&#8230;<\/p>\n","protected":false},"author":10,"featured_media":39360,"comment_status":"closed","ping_status":"closed","sticky":false,"template":"","format":"standard","meta":{"inline_featured_image":false,"footnotes":""},"categories":[29],"tags":[],"class_list":["post-39363","post","type-post","status-publish","format-standard","has-post-thumbnail","hentry","category-noticias"],"_links":{"self":[{"href":"https:\/\/deltabirdingfestival.com\/es\/wp-json\/wp\/v2\/posts\/39363","targetHints":{"allow":["GET"]}}],"collection":[{"href":"https:\/\/deltabirdingfestival.com\/es\/wp-json\/wp\/v2\/posts"}],"about":[{"href":"https:\/\/deltabirdingfestival.com\/es\/wp-json\/wp\/v2\/types\/post"}],"author":[{"embeddable":true,"href":"https:\/\/deltabirdingfestival.com\/es\/wp-json\/wp\/v2\/users\/10"}],"replies":[{"embeddable":true,"href":"https:\/\/deltabirdingfestival.com\/es\/wp-json\/wp\/v2\/comments?post=39363"}],"version-history":[{"count":1,"href":"https:\/\/deltabirdingfestival.com\/es\/wp-json\/wp\/v2\/posts\/39363\/revisions"}],"predecessor-version":[{"id":39365,"href":"https:\/\/deltabirdingfestival.com\/es\/wp-json\/wp\/v2\/posts\/39363\/revisions\/39365"}],"wp:featuredmedia":[{"embeddable":true,"href":"https:\/\/deltabirdingfestival.com\/es\/wp-json\/wp\/v2\/media\/39360"}],"wp:attachment":[{"href":"https:\/\/deltabirdingfestival.com\/es\/wp-json\/wp\/v2\/media?parent=39363"}],"wp:term":[{"taxonomy":"category","embeddable":true,"href":"https:\/\/deltabirdingfestival.com\/es\/wp-json\/wp\/v2\/categories?post=39363"},{"taxonomy":"post_tag","embeddable":true,"href":"https:\/\/deltabirdingfestival.com\/es\/wp-json\/wp\/v2\/tags?post=39363"}],"curies":[{"name":"wp","href":"https:\/\/api.w.org\/{rel}","templated":true}]}}