{"id":39669,"date":"2025-09-08T15:51:35","date_gmt":"2025-09-08T13:51:35","guid":{"rendered":"https:\/\/deltabirdingfestival.com\/?p=39669"},"modified":"2025-09-08T15:52:44","modified_gmt":"2025-09-08T13:52:44","slug":"estela-i-farias-torbidoni-victor-dorado-y-vanessa-teles-da-mota-el-perfil-de-turista-ornitologico-en-el-parque-natural-del-delta-del-ebro-motivaciones-usos-y-preferencias-de-los-visitantes","status":"publish","type":"post","link":"https:\/\/deltabirdingfestival.com\/es\/estela-i-farias-torbidoni-victor-dorado-y-vanessa-teles-da-mota-el-perfil-de-turista-ornitologico-en-el-parque-natural-del-delta-del-ebro-motivaciones-usos-y-preferencias-de-los-visitantes\/","title":{"rendered":"Estela I. Far\u00edas-Torbidoni, V\u00edctor Dorado y Vanessa Teles da Mota &#8211; El perfil de turista ornitol\u00f3gico en el Parque Natural del Delta del Ebro: Motivaciones, usos y preferencias de los visitantes"},"content":{"rendered":"\n<p><strong>Estela es profesora del INEFC de Lleida en el \u00e1mbito de grado y m\u00e1steres de Ciencias Ambientales y Forestales de la Universidad de Lleida. Es la investigadora principal del subgrupo GISEAFE en el Instituto de Desarrollo Social y Territorial (INDEST) de la Universidad de Lleida<\/strong>. Especializada en la gesti\u00f3n de eventos deportivos en el medio natural y en la gesti\u00f3n del uso p\u00fablico en espacios naturales protegidos, ha coordinado durante los \u00faltimos 20 a\u00f1os m\u00e1s de una veintena de proyectos de investigaci\u00f3n aplicada en los Parques Naturales de Catalu\u00f1a y otras comunidades aut\u00f3nomas, centrados en el estudio de la afluencia, la frecuentaci\u00f3n y la capacidad de carga tur\u00edstica.<\/p>\n\n\n\n<p><strong>V\u00edctor es educador f\u00edsico especializado en docencia, investigaci\u00f3n universitaria y gesti\u00f3n deportiva. Actualmente trabaja para que la gesti\u00f3n deportiva y el uso p\u00fablico de los espacios naturales protegidos sean m\u00e1s humanos, eficientes y conectados con el territorio y sus comunidades.<\/strong><\/p>\n\n\n\n<p><strong>Vanessa es licenciada en Biolog\u00eda y m\u00e1ster en Gesti\u00f3n Ambiental por la Facultad de Ciencias de la Universidad de Lisboa, con un posdoctorado en deporte, territorio y sostenibilidad.<\/strong><\/p>\n\n\n\n<p>Los ponentes presentar\u00e1n su estudio, que analiza por primera vez de manera integral el uso p\u00fablico en el Parque Natural del Delta del Ebro. Mediante la implementaci\u00f3n de la metodolog\u00eda <em>Optimal Visitor Monitoring System (OVMS)<\/em> y encuestas, se ha estimado una afluencia anual de 1,39 millones de visitas, con una clara concentraci\u00f3n en el sector Eucaliptus-Trabucador. El perfil de los visitantes es mayoritariamente masculino, de entre 36 y 55 a\u00f1os, residente en Barcelona y con una estancia media de 3,4 d\u00edas. Las principales motivaciones son relajarse, disfrutar de la naturaleza y compartir tiempo con familiares y amigos. El impacto econ\u00f3mico directo en la zona se ha estimado en m\u00e1s de 34,5 millones de euros anuales.<\/p>\n\n\n\n<p>Asimismo, abordar\u00e1n la identificaci\u00f3n del perfil espec\u00edfico de los observadores de aves, caracterizado por una alta formaci\u00f3n y un marcado inter\u00e9s en itinerarios circulares y tem\u00e1ticos. Los datos recopilados han permitido se\u00f1alar \u00e1reas tranquilas y con gran potencial para el desarrollo de un turismo ornitol\u00f3gico compatible con la conservaci\u00f3n.<\/p>\n\n\n\n<p>El estudio ha sido elaborado por Ecodata Natura y el INEFC Lleida, en el marco del proyecto Bioresilmed, cofinanciado por la Fundaci\u00f3n Biodiversidad, con la participaci\u00f3n de la Oficina T\u00e9cnica de SEO\/BirdLife en el Delta del Ebro.<\/p>\n\n\n\n<p>Con el apoyo de la\u00a0<a href=\"https:\/\/fundacion-biodiversidad.es\/\" target=\"_blank\" rel=\"noreferrer noopener\">Fundaci\u00f3n Biodiversidad<\/a>\u00a0del\u00a0<a href=\"https:\/\/www.miteco.gob.es\/es.html\" target=\"_blank\" rel=\"noreferrer noopener\">Ministerio para la Transici\u00f3n Ecol\u00f3gica y el Reto Demogr\u00e1fico<\/a>\u00a0en el marco del Plan de Recuperaci\u00f3n, Transformaci\u00f3n y Resiliencia (PRTR), financiado por la Uni\u00f3n Europea \u2013 NextGenerationEU.<\/p>\n","protected":false},"excerpt":{"rendered":"<p>Estela es profesora del INEFC de Lleida en el \u00e1mbito de grado y m\u00e1steres de Ciencias Ambientales y Forestales de la Universidad de Lleida. Es la investigadora principal del subgrupo GISEAFE en el Instituto de Desarrollo Social y Territorial (INDEST) de la Universidad de Lleida. Especializada en la gesti\u00f3n de eventos deportivos en el medio&#8230;<\/p>\n","protected":false},"author":10,"featured_media":39659,"comment_status":"closed","ping_status":"closed","sticky":false,"template":"","format":"standard","meta":{"inline_featured_image":false,"footnotes":""},"categories":[29],"tags":[],"class_list":["post-39669","post","type-post","status-publish","format-standard","has-post-thumbnail","hentry","category-noticias"],"_links":{"self":[{"href":"https:\/\/deltabirdingfestival.com\/es\/wp-json\/wp\/v2\/posts\/39669","targetHints":{"allow":["GET"]}}],"collection":[{"href":"https:\/\/deltabirdingfestival.com\/es\/wp-json\/wp\/v2\/posts"}],"about":[{"href":"https:\/\/deltabirdingfestival.com\/es\/wp-json\/wp\/v2\/types\/post"}],"author":[{"embeddable":true,"href":"https:\/\/deltabirdingfestival.com\/es\/wp-json\/wp\/v2\/users\/10"}],"replies":[{"embeddable":true,"href":"https:\/\/deltabirdingfestival.com\/es\/wp-json\/wp\/v2\/comments?post=39669"}],"version-history":[{"count":1,"href":"https:\/\/deltabirdingfestival.com\/es\/wp-json\/wp\/v2\/posts\/39669\/revisions"}],"predecessor-version":[{"id":39672,"href":"https:\/\/deltabirdingfestival.com\/es\/wp-json\/wp\/v2\/posts\/39669\/revisions\/39672"}],"wp:featuredmedia":[{"embeddable":true,"href":"https:\/\/deltabirdingfestival.com\/es\/wp-json\/wp\/v2\/media\/39659"}],"wp:attachment":[{"href":"https:\/\/deltabirdingfestival.com\/es\/wp-json\/wp\/v2\/media?parent=39669"}],"wp:term":[{"taxonomy":"category","embeddable":true,"href":"https:\/\/deltabirdingfestival.com\/es\/wp-json\/wp\/v2\/categories?post=39669"},{"taxonomy":"post_tag","embeddable":true,"href":"https:\/\/deltabirdingfestival.com\/es\/wp-json\/wp\/v2\/tags?post=39669"}],"curies":[{"name":"wp","href":"https:\/\/api.w.org\/{rel}","templated":true}]}}