{"id":42324,"date":"2026-07-21T11:15:08","date_gmt":"2026-07-21T09:15:08","guid":{"rendered":"https:\/\/deltabirdingfestival.com\/gerard-rocamora-joan-real-joan-carles-abella-miquel-torres-jordi-vidal-i-jordi-sargatal-conservem-les-aligues-del-priorat-presentacio-i-estrena-de-laliga-un-vi-pels\/"},"modified":"2026-07-27T08:04:29","modified_gmt":"2026-07-27T06:04:29","slug":"gerard-rocamora-joan-real-joan-carles-abella-miquel-torres-jordi-vidal-i-jordi-sargatal-conservem-les-aligues-del-priorat-presentacio-i-estrena-de-laliga-un-vi-pels","status":"publish","type":"post","link":"https:\/\/deltabirdingfestival.com\/es\/gerard-rocamora-joan-real-joan-carles-abella-miquel-torres-jordi-vidal-i-jordi-sargatal-conservem-les-aligues-del-priorat-presentacio-i-estrena-de-laliga-un-vi-pels\/","title":{"rendered":"Gerard Rocamora, Joan-Carles Abella, Joan Real, Miquel Torres, Jordi Vidal i Jordi Sargatal &#8211; Conservem les \u00e0ligues del Priorat (presentaci\u00f3 i estrena de \u00abL\u2019\u00c1liga\u00bb, un vi pels ocells i la natura)"},"content":{"rendered":"\n<p class=\"wp-block-paragraph\">Este acto combinar\u00e1 la presentaci\u00f3n de un programa de conservaci\u00f3n del \u00e1guila perdicera con el estreno del vino <strong>\u00ab<\/strong>L\u2019\u00c1liga<strong>\u00bb<\/strong>, que destinar\u00e1 una parte de sus beneficios a este proyecto.<\/p>\n\n\n\n<p class=\"wp-block-paragraph\">Gerard Rocamora, doctor en Ecolog\u00eda y ornit\u00f3logo, adem\u00e1s de propietario de vi\u00f1edos en el Priorat, realizar\u00e1 una breve presentaci\u00f3n del acto. Joan-Carles Abella, de la asociaci\u00f3n Som Aguait, presentar\u00e1 el proyecto de conservaci\u00f3n de las \u00e1guilas, y Miquel Torres, de Familia Torres, mostrar\u00e1 otros ejemplos de c\u00f3mo el mundo de la viticultura y el vino puede contribuir a la preservaci\u00f3n de las aves y de la naturaleza. El profesor Joan Real, de la Universidad de Barcelona, explicar\u00e1 la situaci\u00f3n de la especie en Catalu\u00f1a y las principales amenazas que la afectan. Por su parte, Jordi Vidal, viticultor y cofundador de la bodega La Conreria, explicar\u00e1 las caracter\u00edsticas de los vi\u00f1edos de Cal Sambori (propiedad de la familia Rocamora) y el proceso de elaboraci\u00f3n del vino \u00abL\u2019\u00c1liga\u00bb. La clausura del acto correr\u00e1 a cargo de Jordi Sargatal, secretario de Transici\u00f3n Ecol\u00f3gica de la Generalitat de Catalunya.<\/p>\n\n\n\n<p class=\"wp-block-paragraph\">Tras un turno de preguntas, se ofrecer\u00e1 una cata del vino y quienes deseen participar en el proyecto de conservaci\u00f3n de las \u00e1guilas podr\u00e1n adquirir una botella. Encontrar\u00e1n su estand en la zona B de la feria de expositores.<\/p>\n\n\n\n<p class=\"wp-block-paragraph\">Fotograf\u00eda de portada: Edgar Celada \/ Som Aguait<\/p>\n\n\n\n<p class=\"wp-block-paragraph\"><\/p>\n","protected":false},"excerpt":{"rendered":"<p>Este acto combinar\u00e1 la presentaci\u00f3n de un programa de conservaci\u00f3n del \u00e1guila perdicera con el estreno del vino \u00abL\u2019\u00c1liga\u00bb, que destinar\u00e1 una parte de sus beneficios a este proyecto. Gerard Rocamora, doctor en Ecolog\u00eda y ornit\u00f3logo, adem\u00e1s de propietario de vi\u00f1edos en el Priorat, realizar\u00e1 una breve presentaci\u00f3n del acto. Joan-Carles Abella, de la asociaci\u00f3n&#8230;<\/p>\n","protected":false},"author":10,"featured_media":42511,"comment_status":"closed","ping_status":"closed","sticky":false,"template":"","format":"standard","meta":{"inline_featured_image":false,"footnotes":""},"categories":[29],"tags":[],"class_list":["post-42324","post","type-post","status-publish","format-standard","has-post-thumbnail","hentry","category-noticias"],"_links":{"self":[{"href":"https:\/\/deltabirdingfestival.com\/es\/wp-json\/wp\/v2\/posts\/42324","targetHints":{"allow":["GET"]}}],"collection":[{"href":"https:\/\/deltabirdingfestival.com\/es\/wp-json\/wp\/v2\/posts"}],"about":[{"href":"https:\/\/deltabirdingfestival.com\/es\/wp-json\/wp\/v2\/types\/post"}],"author":[{"embeddable":true,"href":"https:\/\/deltabirdingfestival.com\/es\/wp-json\/wp\/v2\/users\/10"}],"replies":[{"embeddable":true,"href":"https:\/\/deltabirdingfestival.com\/es\/wp-json\/wp\/v2\/comments?post=42324"}],"version-history":[{"count":1,"href":"https:\/\/deltabirdingfestival.com\/es\/wp-json\/wp\/v2\/posts\/42324\/revisions"}],"predecessor-version":[{"id":42526,"href":"https:\/\/deltabirdingfestival.com\/es\/wp-json\/wp\/v2\/posts\/42324\/revisions\/42526"}],"wp:featuredmedia":[{"embeddable":true,"href":"https:\/\/deltabirdingfestival.com\/es\/wp-json\/wp\/v2\/media\/42511"}],"wp:attachment":[{"href":"https:\/\/deltabirdingfestival.com\/es\/wp-json\/wp\/v2\/media?parent=42324"}],"wp:term":[{"taxonomy":"category","embeddable":true,"href":"https:\/\/deltabirdingfestival.com\/es\/wp-json\/wp\/v2\/categories?post=42324"},{"taxonomy":"post_tag","embeddable":true,"href":"https:\/\/deltabirdingfestival.com\/es\/wp-json\/wp\/v2\/tags?post=42324"}],"curies":[{"name":"wp","href":"https:\/\/api.w.org\/{rel}","templated":true}]}}